{"id":91,"date":"2020-02-24T17:17:52","date_gmt":"2020-02-24T16:17:52","guid":{"rendered":"https:\/\/www.mm-fassadenbau.de\/?p=91"},"modified":"2020-03-25T15:47:28","modified_gmt":"2020-03-25T14:47:28","slug":"2016","status":"publish","type":"post","link":"https:\/\/www.mm-fassadenbau.de\/?p=91","title":{"rendered":"2016"},"content":{"rendered":"\n<p><strong>Kindergarten<\/strong><br><strong>Streustr. <\/strong><br><strong>13086 Berlin<\/strong><\/p>\n\n\n\n<p><strong>Modernisierung Mehrfamilienhaus<\/strong><br><strong>Schmollerplatz <\/strong><br><strong>12435 Berlin<\/strong><\/p>\n\n\n\n<p><strong>Modernisierung Mehrfamilienhaus<\/strong><br><strong>Rinkartstra\u00dfe <\/strong><br><strong>12437 Berlin<\/strong><\/p>\n\n\n\n<p><strong>Neubau Wohnhaus<\/strong><br><strong>Colbestra\u00dfe <\/strong><br><strong>10247 Berlin<\/strong><\/p>\n\n\n\n<p><strong>Neubau Mehrfamilien- und Gesch\u00e4ftshaus<\/strong><br><strong>Giselastra\u00dfe 36 \/ Ecke L\u00fcckstr. <\/strong><br><strong>10317 Berlin-Lichtenberg<\/strong><\/p>\n\n\n\n<p><strong>Energetische H\u00fcllensanierung &#8211; WDVS KJFZ des DRK<\/strong><br><strong>Sella-Hasse-Str. <\/strong><br><strong>12681 Berlin<\/strong><\/p>\n\n\n\n<p><strong>Umbau, Sanierung, Modernisierung KiTa<\/strong><br><strong>Sparrstra\u00dfe<\/strong><br><strong>13353 Berlin<\/strong><\/p>\n\n\n\n<p><strong>Modernisierung der Grundschule Pusteblume<\/strong><br><strong>Kastanienallee <\/strong><br><strong>12627 Berlin<\/strong><\/p>\n\n\n\n<p><strong>Modernisierung KiTa<\/strong><br><strong>Walter-Felsenstein-Str.<\/strong><br><strong>12687 Berlin<\/strong><\/p>\n\n\n\n<p><strong>Jugendeinrichtung<\/strong><br><strong>Zwickauer Damm <\/strong><br><strong>12355 Berlin<\/strong><\/p>\n\n\n\n<p><strong>KJFZ DRK<\/strong><br><strong>Sella-Hassestr. <\/strong><br><strong>12687 Berlin<\/strong><\/p>\n\n\n\n<p><strong>Modernisierung Mehrfamilienhaus<\/strong><br><strong>Heidelberger Str. <\/strong><br><strong>12435 Berlin<\/strong><\/p>\n\n\n\n<p><strong>Modernisierung Mehrfamilienhaus<\/strong><br><strong>Heidem\u00fchler Weg<\/strong><br><strong>12437 Berlin<\/strong><\/p>\n\n\n\n<p><strong>Modernisierung KiTa<\/strong><br><strong>Galenstra\u00dfe <\/strong><br><strong>13597 Berlin<\/strong><\/p>\n","protected":false},"excerpt":{"rendered":"<p>KindergartenStreustr. 13086 Berlin Modernisierung MehrfamilienhausSchmollerplatz 12435 Berlin Modernisierung MehrfamilienhausRinkartstra\u00dfe 12437 Berlin Neubau WohnhausColbestra\u00dfe 10247 Berlin Neubau Mehrfamilien- und Gesch\u00e4ftshausGiselastra\u00dfe 36 \/ Ecke L\u00fcckstr. 10317 Berlin-Lichtenberg Energetische H\u00fcllensanierung &#8211; WDVS KJFZ des DRKSella-Hasse-Str. 12681 Berlin Umbau, Sanierung, Modernisierung KiTaSparrstra\u00dfe13353 Berlin Modernisierung der Grundschule PusteblumeKastanienallee 12627 Berlin Modernisierung KiTaWalter-Felsenstein-Str.12687 Berlin JugendeinrichtungZwickauer Damm 12355 Berlin KJFZ DRKSella-Hassestr. 12687 [&hellip;]<\/p>\n","protected":false},"author":1,"featured_media":0,"comment_status":"closed","ping_status":"closed","sticky":false,"template":"","format":"standard","meta":{"footnotes":""},"categories":[16,7],"tags":[],"class_list":["post-91","post","type-post","status-publish","format-standard","hentry","category-16","category-referenzen"],"_links":{"self":[{"href":"https:\/\/www.mm-fassadenbau.de\/index.php?rest_route=\/wp\/v2\/posts\/91","targetHints":{"allow":["GET"]}}],"collection":[{"href":"https:\/\/www.mm-fassadenbau.de\/index.php?rest_route=\/wp\/v2\/posts"}],"about":[{"href":"https:\/\/www.mm-fassadenbau.de\/index.php?rest_route=\/wp\/v2\/types\/post"}],"author":[{"embeddable":true,"href":"https:\/\/www.mm-fassadenbau.de\/index.php?rest_route=\/wp\/v2\/users\/1"}],"replies":[{"embeddable":true,"href":"https:\/\/www.mm-fassadenbau.de\/index.php?rest_route=%2Fwp%2Fv2%2Fcomments&post=91"}],"version-history":[{"count":2,"href":"https:\/\/www.mm-fassadenbau.de\/index.php?rest_route=\/wp\/v2\/posts\/91\/revisions"}],"predecessor-version":[{"id":210,"href":"https:\/\/www.mm-fassadenbau.de\/index.php?rest_route=\/wp\/v2\/posts\/91\/revisions\/210"}],"wp:attachment":[{"href":"https:\/\/www.mm-fassadenbau.de\/index.php?rest_route=%2Fwp%2Fv2%2Fmedia&parent=91"}],"wp:term":[{"taxonomy":"category","embeddable":true,"href":"https:\/\/www.mm-fassadenbau.de\/index.php?rest_route=%2Fwp%2Fv2%2Fcategories&post=91"},{"taxonomy":"post_tag","embeddable":true,"href":"https:\/\/www.mm-fassadenbau.de\/index.php?rest_route=%2Fwp%2Fv2%2Ftags&post=91"}],"curies":[{"name":"wp","href":"https:\/\/api.w.org\/{rel}","templated":true}]}}