{"id":127,"date":"2020-02-29T14:28:22","date_gmt":"2020-02-29T13:28:22","guid":{"rendered":"https:\/\/www.mm-fassadenbau.de\/?p=127"},"modified":"2020-02-29T14:29:56","modified_gmt":"2020-02-29T13:29:56","slug":"wer-sind-wir","status":"publish","type":"post","link":"https:\/\/www.mm-fassadenbau.de\/?p=127","title":{"rendered":"Wer sind wir, Was machen wir"},"content":{"rendered":"\n<p>Stabile Strukturen in einem etablierten Unternehmen in Ihrer N\u00e4he.<\/p>\n\n\n\n<p>Feste und Langj\u00e4hrig angestellte Facharbeiter.<\/p>\n\n\n\n<p>Unsere Liste mit Referenzen reicht bis ins Jahr 2009 zur\u00fcck.<\/p>\n\n\n\n<p>Wir benutzen aufeinander Abgestimte Materialien, gerne belegen wir dies mit dem Materialbezugsschein.<\/p>\n\n\n\n<p>Bei uns sind Bauherren auf ein reibungsloses Miteinander von Beratung, Baubegleitung und Fachhandwerk eingespielt.<\/p>\n\n\n\n<p>Jedes Haus ist anders. Auch die Wahl des am besten geeigneten D\u00e4mmstoffes unterliegt individuellen Anforderungen. Jeder D\u00e4mmstoff hat seine produktspezifischen Vorteile. Lassen Sie sich diese jeweiligen Vorteile explizit schildern und treffen Sie dann aufgrund des Ratschlags von Energieberater und Fachhandwerker Ihre Entscheidung.<\/p>\n\n\n\n<p>Bei WDVS hat sich eine Kosten- und Honorarabrechnung nach Festpreis bew\u00e4hrt. Dieser richtet sich in der Regel nach den zu d\u00e4mmenden Quadratmetern Ihrer Hausfassade, nach dem jeweils zu verwendenden D\u00e4mmmaterial sowie der Komplexit\u00e4t der Detailausbildungen (Dach-, Fenster-, T\u00fcr- und Balkonanschl\u00fcsse, Fensterb\u00e4nke, Untersichten etc.).<\/p>\n\n\n\n<p><strong>Der Vertrag mit dem Fachhand\u00adwerker kann auf Basis des BGB oder nach der VOB erfolgen.<\/strong> <br>Das BGB (Werkvertragrecht nach \u00a7 631 ff) schreibt eine Gew\u00e4hrleistungsfrist von f\u00fcnf Jahren vor. Die VOB (Vergabe- und Vertragsordnung f\u00fcr Bauleistungen) stellt eine allgemeine Gesch\u00e4ftsbedingung dar und legt eine Gew\u00e4hrleistung von vier Jahren fest. Die Gew\u00e4hrleistungs\u00ad\u00fcbernahme durch den Fachhandwerker ist Teil des Angebots bzw. der Auftragsvergabe.<\/p>\n\n\n\n<p>Wer es hinterher sch\u00f6n, warm, gem\u00fctlich und gesund haben m\u00f6chte, kommt um gewisse Beeintr\u00e4chtigungen w\u00e4hrend der Bauphase nicht umhin. Wir als Fachhandwerker sagen Ihnen vorher, welche Arbeiten konkret anfallen und wie lange die jeweiligen Arbeiten dauern werden.<\/p>\n","protected":false},"excerpt":{"rendered":"<p>Stabile Strukturen in einem etablierten Unternehmen in Ihrer N\u00e4he. Feste und Langj\u00e4hrig angestellte Facharbeiter. Unsere Liste mit Referenzen reicht bis ins Jahr 2009 zur\u00fcck. Wir benutzen aufeinander Abgestimte Materialien, gerne belegen wir dies mit dem Materialbezugsschein. Bei uns sind Bauherren auf ein reibungsloses Miteinander von Beratung, Baubegleitung und Fachhandwerk eingespielt. Jedes Haus ist anders. Auch [&hellip;]<\/p>\n","protected":false},"author":1,"featured_media":0,"comment_status":"closed","ping_status":"closed","sticky":false,"template":"","format":"standard","meta":{"footnotes":""},"categories":[20],"tags":[],"class_list":["post-127","post","type-post","status-publish","format-standard","hentry","category-service"],"_links":{"self":[{"href":"https:\/\/www.mm-fassadenbau.de\/index.php?rest_route=\/wp\/v2\/posts\/127","targetHints":{"allow":["GET"]}}],"collection":[{"href":"https:\/\/www.mm-fassadenbau.de\/index.php?rest_route=\/wp\/v2\/posts"}],"about":[{"href":"https:\/\/www.mm-fassadenbau.de\/index.php?rest_route=\/wp\/v2\/types\/post"}],"author":[{"embeddable":true,"href":"https:\/\/www.mm-fassadenbau.de\/index.php?rest_route=\/wp\/v2\/users\/1"}],"replies":[{"embeddable":true,"href":"https:\/\/www.mm-fassadenbau.de\/index.php?rest_route=%2Fwp%2Fv2%2Fcomments&post=127"}],"version-history":[{"count":5,"href":"https:\/\/www.mm-fassadenbau.de\/index.php?rest_route=\/wp\/v2\/posts\/127\/revisions"}],"predecessor-version":[{"id":132,"href":"https:\/\/www.mm-fassadenbau.de\/index.php?rest_route=\/wp\/v2\/posts\/127\/revisions\/132"}],"wp:attachment":[{"href":"https:\/\/www.mm-fassadenbau.de\/index.php?rest_route=%2Fwp%2Fv2%2Fmedia&parent=127"}],"wp:term":[{"taxonomy":"category","embeddable":true,"href":"https:\/\/www.mm-fassadenbau.de\/index.php?rest_route=%2Fwp%2Fv2%2Fcategories&post=127"},{"taxonomy":"post_tag","embeddable":true,"href":"https:\/\/www.mm-fassadenbau.de\/index.php?rest_route=%2Fwp%2Fv2%2Ftags&post=127"}],"curies":[{"name":"wp","href":"https:\/\/api.w.org\/{rel}","templated":true}]}}