{"id":117,"date":"2020-02-29T13:57:34","date_gmt":"2020-02-29T12:57:34","guid":{"rendered":"https:\/\/www.mm-fassadenbau.de\/?p=117"},"modified":"2020-02-29T13:58:02","modified_gmt":"2020-02-29T12:58:02","slug":"angebot","status":"publish","type":"post","link":"https:\/\/www.mm-fassadenbau.de\/?p=117","title":{"rendered":"Angebot"},"content":{"rendered":"\n<p>Unser Service  &#8222;Energieberatung Fassadend\u00e4mmung&#8220; enthalten:<\/p>\n\n\n\n<ul class=\"wp-block-list\"><li>Vor-Ort-Besuch mit Begehung des Objektes und Aufnahme der Geb\u00e4udedaten<\/li><li>Analyse \u00fcber m\u00f6gliche und sinnvolle Ma\u00dfnahmen zur Verbesserung der Energieeffizienz des Objektes<\/li><li>Aufzeigen wesentlicher Schwachstellen sowie einfach realisierbarer Ma\u00dfnahmen<\/li><li>Einsch\u00e4tzung der Einsparpotenziale und Modernisierungskosten<\/li><li>Empfehlung von konkreten Ma\u00dfnahmen, die mit Hilfe von F\u00f6rdermitteln umgesetzt werden k\u00f6nnen<\/li><\/ul>\n","protected":false},"excerpt":{"rendered":"<p>Unser Service &#8222;Energieberatung Fassadend\u00e4mmung&#8220; enthalten: Vor-Ort-Besuch mit Begehung des Objektes und Aufnahme der Geb\u00e4udedaten Analyse \u00fcber m\u00f6gliche und sinnvolle Ma\u00dfnahmen zur Verbesserung der Energieeffizienz des Objektes Aufzeigen wesentlicher Schwachstellen sowie einfach realisierbarer Ma\u00dfnahmen Einsch\u00e4tzung der Einsparpotenziale und Modernisierungskosten Empfehlung von konkreten Ma\u00dfnahmen, die mit Hilfe von F\u00f6rdermitteln umgesetzt werden k\u00f6nnen<\/p>\n","protected":false},"author":1,"featured_media":0,"comment_status":"closed","ping_status":"closed","sticky":false,"template":"","format":"standard","meta":{"footnotes":""},"categories":[20],"tags":[],"class_list":["post-117","post","type-post","status-publish","format-standard","hentry","category-service"],"_links":{"self":[{"href":"https:\/\/www.mm-fassadenbau.de\/index.php?rest_route=\/wp\/v2\/posts\/117","targetHints":{"allow":["GET"]}}],"collection":[{"href":"https:\/\/www.mm-fassadenbau.de\/index.php?rest_route=\/wp\/v2\/posts"}],"about":[{"href":"https:\/\/www.mm-fassadenbau.de\/index.php?rest_route=\/wp\/v2\/types\/post"}],"author":[{"embeddable":true,"href":"https:\/\/www.mm-fassadenbau.de\/index.php?rest_route=\/wp\/v2\/users\/1"}],"replies":[{"embeddable":true,"href":"https:\/\/www.mm-fassadenbau.de\/index.php?rest_route=%2Fwp%2Fv2%2Fcomments&post=117"}],"version-history":[{"count":1,"href":"https:\/\/www.mm-fassadenbau.de\/index.php?rest_route=\/wp\/v2\/posts\/117\/revisions"}],"predecessor-version":[{"id":118,"href":"https:\/\/www.mm-fassadenbau.de\/index.php?rest_route=\/wp\/v2\/posts\/117\/revisions\/118"}],"wp:attachment":[{"href":"https:\/\/www.mm-fassadenbau.de\/index.php?rest_route=%2Fwp%2Fv2%2Fmedia&parent=117"}],"wp:term":[{"taxonomy":"category","embeddable":true,"href":"https:\/\/www.mm-fassadenbau.de\/index.php?rest_route=%2Fwp%2Fv2%2Fcategories&post=117"},{"taxonomy":"post_tag","embeddable":true,"href":"https:\/\/www.mm-fassadenbau.de\/index.php?rest_route=%2Fwp%2Fv2%2Ftags&post=117"}],"curies":[{"name":"wp","href":"https:\/\/api.w.org\/{rel}","templated":true}]}}